{"id":2853,"date":"2019-07-12T16:55:50","date_gmt":"2019-07-12T20:55:50","guid":{"rendered":"http:\/\/gadcojimies.gob.ec\/manabi\/?p=2853"},"modified":"2019-07-12T16:56:58","modified_gmt":"2019-07-12T20:56:58","slug":"2853","status":"publish","type":"post","link":"https:\/\/gadcojimies.gob.ec\/manabi\/2853\/","title":{"rendered":"Buenas noticias para nuestra ruralidad"},"content":{"rendered":"<p><img loading=\"lazy\" decoding=\"async\" class=\"size-medium wp-image-2814 alignleft\" src=\"http:\/\/gadcojimies.gob.ec\/manabi\/wp-content\/uploads\/2019\/07\/reunioncojimies-550x413.jpg\" alt=\"\" width=\"550\" height=\"413\" data-id=\"2814\" srcset=\"https:\/\/gadcojimies.gob.ec\/manabi\/wp-content\/uploads\/2019\/07\/reunioncojimies-550x413.jpg 550w, https:\/\/gadcojimies.gob.ec\/manabi\/wp-content\/uploads\/2019\/07\/reunioncojimies.jpg 700w\" sizes=\"auto, (max-width: 550px) 100vw, 550px\" \/><\/p>\n<p>M\u00e1s de 200 kil\u00f3metros de v\u00edas en la zona rural de Cojim\u00edes ser\u00e1n aperturadas gracias a la gesti\u00f3n de Lu\u00eds Andrade Garc\u00eda, presidente del gobierno parroquial.<br \/>\nEl cometido se efectu\u00f3 en una reuni\u00f3n de trabajo este jueves donde participaron autoridades parroquiales, alcaldes de la zona norte de Manab\u00ed y el prefecto provincial, Leonardo Orlando Arteaga; qui\u00e9n se ha comprometido a cumplir con la ejecuci\u00f3n de las v\u00edas.<\/p>\n<p>Click: <strong><a href=\"https:\/\/www.facebook.com\/gobiernoautonomo.descentralizadoparroquialcojimies\/posts\/2645390708838990\">Im\u00e1genes\u00a0<\/a><\/strong><\/p>\n","protected":false},"excerpt":{"rendered":"<p>M\u00e1s de 200 kil\u00f3metros de v\u00edas en la zona rural de Cojim\u00edes ser\u00e1n aperturadas gracias a la gesti\u00f3n de Lu\u00eds Andrade Garc\u00eda, presidente del gobierno parroquial. El cometido se efectu\u00f3 en una reuni\u00f3n de trabajo este jueves donde participaron autoridades parroquiales, alcaldes de la zona norte de Manab\u00ed y el prefecto provincial, Leonardo Orlando Arteaga; [&hellip;]<\/p>\n","protected":false},"author":6,"featured_media":2814,"comment_status":"closed","ping_status":"closed","sticky":false,"template":"","format":"standard","meta":{"_gspb_post_css":"","site-sidebar-layout":"default","site-content-layout":"","ast-site-content-layout":"","site-content-style":"default","site-sidebar-style":"default","ast-global-header-display":"","ast-banner-title-visibility":"","ast-main-header-display":"","ast-hfb-above-header-display":"","ast-hfb-below-header-display":"","ast-hfb-mobile-header-display":"","site-post-title":"","ast-breadcrumbs-content":"","ast-featured-img":"","footer-sml-layout":"","theme-transparent-header-meta":"","adv-header-id-meta":"","stick-header-meta":"","header-above-stick-meta":"","header-main-stick-meta":"","header-below-stick-meta":"","astra-migrate-meta-layouts":"default","ast-page-background-enabled":"default","ast-page-background-meta":{"desktop":{"background-color":"var(--ast-global-color-4)","background-image":"","background-repeat":"repeat","background-position":"center center","background-size":"auto","background-attachment":"scroll","background-type":"","background-media":"","overlay-type":"","overlay-color":"","overlay-opacity":"","overlay-gradient":""},"tablet":{"background-color":"","background-image":"","background-repeat":"repeat","background-position":"center center","background-size":"auto","background-attachment":"scroll","background-type":"","background-media":"","overlay-type":"","overlay-color":"","overlay-opacity":"","overlay-gradient":""},"mobile":{"background-color":"","background-image":"","background-repeat":"repeat","background-position":"center center","background-size":"auto","background-attachment":"scroll","background-type":"","background-media":"","overlay-type":"","overlay-color":"","overlay-opacity":"","overlay-gradient":""}},"ast-content-background-meta":{"desktop":{"background-color":"var(--ast-global-color-5)","background-image":"","background-repeat":"repeat","background-position":"center center","background-size":"auto","background-attachment":"scroll","background-type":"","background-media":"","overlay-type":"","overlay-color":"","overlay-opacity":"","overlay-gradient":""},"tablet":{"background-color":"var(--ast-global-color-5)","background-image":"","background-repeat":"repeat","background-position":"center center","background-size":"auto","background-attachment":"scroll","background-type":"","background-media":"","overlay-type":"","overlay-color":"","overlay-opacity":"","overlay-gradient":""},"mobile":{"background-color":"var(--ast-global-color-5)","background-image":"","background-repeat":"repeat","background-position":"center center","background-size":"auto","background-attachment":"scroll","background-type":"","background-media":"","overlay-type":"","overlay-color":"","overlay-opacity":"","overlay-gradient":""}},"footnotes":""},"categories":[8],"tags":[],"class_list":["post-2853","post","type-post","status-publish","format-standard","has-post-thumbnail","hentry","category-s6-business"],"yoast_head":"<!-- This site is optimized with the Yoast SEO plugin v17.8 - https:\/\/yoast.com\/wordpress\/plugins\/seo\/ -->\n<title>Buenas noticias para nuestra ruralidad -<\/title>\n<meta name=\"robots\" content=\"index, follow, max-snippet:-1, max-image-preview:large, max-video-preview:-1\" \/>\n<link rel=\"canonical\" href=\"https:\/\/gadcojimies.gob.ec\/manabi\/2853\/\" \/>\n<meta property=\"og:locale\" content=\"es_ES\" \/>\n<meta property=\"og:type\" content=\"article\" \/>\n<meta property=\"og:title\" content=\"Buenas noticias para nuestra ruralidad -\" \/>\n<meta property=\"og:description\" content=\"M\u00e1s de 200 kil\u00f3metros de v\u00edas en la zona rural de Cojim\u00edes ser\u00e1n aperturadas gracias a la gesti\u00f3n de Lu\u00eds Andrade Garc\u00eda, presidente del gobierno parroquial. El cometido se efectu\u00f3 en una reuni\u00f3n de trabajo este jueves donde participaron autoridades parroquiales, alcaldes de la zona norte de Manab\u00ed y el prefecto provincial, Leonardo Orlando Arteaga; [&hellip;]\" \/>\n<meta property=\"og:url\" content=\"https:\/\/gadcojimies.gob.ec\/manabi\/2853\/\" \/>\n<meta property=\"article:published_time\" content=\"2019-07-12T20:55:50+00:00\" \/>\n<meta property=\"article:modified_time\" content=\"2019-07-12T20:56:58+00:00\" \/>\n<meta property=\"og:image\" content=\"https:\/\/gadcojimies.gob.ec\/manabi\/wp-content\/uploads\/2019\/07\/reunioncojimies.jpg\" \/>\n\t<meta property=\"og:image:width\" content=\"700\" \/>\n\t<meta property=\"og:image:height\" content=\"525\" \/>\n<meta name=\"twitter:card\" content=\"summary_large_image\" \/>\n<meta name=\"twitter:label1\" content=\"Escrito por\" \/>\n\t<meta name=\"twitter:data1\" content=\"agadcojimies\" \/>\n<script type=\"application\/ld+json\" class=\"yoast-schema-graph\">{\"@context\":\"https:\/\/schema.org\",\"@graph\":[{\"@type\":\"Organization\",\"@id\":\"https:\/\/gadcojimies.gob.ec\/manabi\/#organization\",\"name\":\"GAD Parroquial de Cojimies Manabi\",\"url\":\"https:\/\/gadcojimies.gob.ec\/manabi\/\",\"sameAs\":[],\"logo\":{\"@type\":\"ImageObject\",\"@id\":\"https:\/\/gadcojimies.gob.ec\/manabi\/#logo\",\"inLanguage\":\"es\",\"url\":\"https:\/\/gadcojimies.gob.ec\/manabi\/wp-content\/uploads\/2020\/03\/logoFooterAncho.png\",\"contentUrl\":\"https:\/\/gadcojimies.gob.ec\/manabi\/wp-content\/uploads\/2020\/03\/logoFooterAncho.png\",\"width\":220,\"height\":140,\"caption\":\"GAD Parroquial de Cojimies Manabi\"},\"image\":{\"@id\":\"https:\/\/gadcojimies.gob.ec\/manabi\/#logo\"}},{\"@type\":\"WebSite\",\"@id\":\"https:\/\/gadcojimies.gob.ec\/manabi\/#website\",\"url\":\"https:\/\/gadcojimies.gob.ec\/manabi\/\",\"name\":\"GAD parroquial de Cojim\\u00edes Manabi\",\"description\":\"Sitio Oficial de la Parroquia de Cojim\\u00edes Manabi\",\"publisher\":{\"@id\":\"https:\/\/gadcojimies.gob.ec\/manabi\/#organization\"},\"potentialAction\":[{\"@type\":\"SearchAction\",\"target\":{\"@type\":\"EntryPoint\",\"urlTemplate\":\"https:\/\/gadcojimies.gob.ec\/manabi\/?s={search_term_string}\"},\"query-input\":\"required name=search_term_string\"}],\"inLanguage\":\"es\"},{\"@type\":\"ImageObject\",\"@id\":\"https:\/\/gadcojimies.gob.ec\/manabi\/2853\/#primaryimage\",\"inLanguage\":\"es\",\"url\":\"https:\/\/gadcojimies.gob.ec\/manabi\/wp-content\/uploads\/2019\/07\/reunioncojimies.jpg\",\"contentUrl\":\"https:\/\/gadcojimies.gob.ec\/manabi\/wp-content\/uploads\/2019\/07\/reunioncojimies.jpg\",\"width\":700,\"height\":525},{\"@type\":\"WebPage\",\"@id\":\"https:\/\/gadcojimies.gob.ec\/manabi\/2853\/#webpage\",\"url\":\"https:\/\/gadcojimies.gob.ec\/manabi\/2853\/\",\"name\":\"Buenas noticias para nuestra ruralidad -\",\"isPartOf\":{\"@id\":\"https:\/\/gadcojimies.gob.ec\/manabi\/#website\"},\"primaryImageOfPage\":{\"@id\":\"https:\/\/gadcojimies.gob.ec\/manabi\/2853\/#primaryimage\"},\"datePublished\":\"2019-07-12T20:55:50+00:00\",\"dateModified\":\"2019-07-12T20:56:58+00:00\",\"breadcrumb\":{\"@id\":\"https:\/\/gadcojimies.gob.ec\/manabi\/2853\/#breadcrumb\"},\"inLanguage\":\"es\",\"potentialAction\":[{\"@type\":\"ReadAction\",\"target\":[\"https:\/\/gadcojimies.gob.ec\/manabi\/2853\/\"]}]},{\"@type\":\"BreadcrumbList\",\"@id\":\"https:\/\/gadcojimies.gob.ec\/manabi\/2853\/#breadcrumb\",\"itemListElement\":[{\"@type\":\"ListItem\",\"position\":1,\"name\":\"Home\",\"item\":\"https:\/\/gadcojimies.gob.ec\/manabi\/\"},{\"@type\":\"ListItem\",\"position\":2,\"name\":\"Buenas noticias para nuestra ruralidad\"}]},{\"@type\":\"Article\",\"@id\":\"https:\/\/gadcojimies.gob.ec\/manabi\/2853\/#article\",\"isPartOf\":{\"@id\":\"https:\/\/gadcojimies.gob.ec\/manabi\/2853\/#webpage\"},\"author\":{\"@id\":\"https:\/\/gadcojimies.gob.ec\/manabi\/#\/schema\/person\/f2d181c96e9b6120c1f4cff3f37a0454\"},\"headline\":\"Buenas noticias para nuestra ruralidad\",\"datePublished\":\"2019-07-12T20:55:50+00:00\",\"dateModified\":\"2019-07-12T20:56:58+00:00\",\"mainEntityOfPage\":{\"@id\":\"https:\/\/gadcojimies.gob.ec\/manabi\/2853\/#webpage\"},\"wordCount\":86,\"publisher\":{\"@id\":\"https:\/\/gadcojimies.gob.ec\/manabi\/#organization\"},\"image\":{\"@id\":\"https:\/\/gadcojimies.gob.ec\/manabi\/2853\/#primaryimage\"},\"thumbnailUrl\":\"https:\/\/gadcojimies.gob.ec\/manabi\/wp-content\/uploads\/2019\/07\/reunioncojimies.jpg\",\"articleSection\":[\"Business\"],\"inLanguage\":\"es\"},{\"@type\":\"Person\",\"@id\":\"https:\/\/gadcojimies.gob.ec\/manabi\/#\/schema\/person\/f2d181c96e9b6120c1f4cff3f37a0454\",\"name\":\"agadcojimies\",\"image\":{\"@type\":\"ImageObject\",\"@id\":\"https:\/\/gadcojimies.gob.ec\/manabi\/#personlogo\",\"inLanguage\":\"es\",\"url\":\"https:\/\/secure.gravatar.com\/avatar\/b7ceb8d4252728c0b1d1cd3b9cad0763b9c634e606648daa884e5ee6d60d6ebc?s=96&d=mm&r=g\",\"contentUrl\":\"https:\/\/secure.gravatar.com\/avatar\/b7ceb8d4252728c0b1d1cd3b9cad0763b9c634e606648daa884e5ee6d60d6ebc?s=96&d=mm&r=g\",\"caption\":\"agadcojimies\"},\"url\":\"https:\/\/gadcojimies.gob.ec\/manabi\/author\/agadcojimies\/\"}]}<\/script>\n<!-- \/ Yoast SEO plugin. -->","yoast_head_json":{"title":"Buenas noticias para nuestra ruralidad -","robots":{"index":"index","follow":"follow","max-snippet":"max-snippet:-1","max-image-preview":"max-image-preview:large","max-video-preview":"max-video-preview:-1"},"canonical":"https:\/\/gadcojimies.gob.ec\/manabi\/2853\/","og_locale":"es_ES","og_type":"article","og_title":"Buenas noticias para nuestra ruralidad -","og_description":"M\u00e1s de 200 kil\u00f3metros de v\u00edas en la zona rural de Cojim\u00edes ser\u00e1n aperturadas gracias a la gesti\u00f3n de Lu\u00eds Andrade Garc\u00eda, presidente del gobierno parroquial. El cometido se efectu\u00f3 en una reuni\u00f3n de trabajo este jueves donde participaron autoridades parroquiales, alcaldes de la zona norte de Manab\u00ed y el prefecto provincial, Leonardo Orlando Arteaga; [&hellip;]","og_url":"https:\/\/gadcojimies.gob.ec\/manabi\/2853\/","article_published_time":"2019-07-12T20:55:50+00:00","article_modified_time":"2019-07-12T20:56:58+00:00","og_image":[{"width":700,"height":525,"url":"https:\/\/gadcojimies.gob.ec\/manabi\/wp-content\/uploads\/2019\/07\/reunioncojimies.jpg","type":"image\/jpeg"}],"twitter_card":"summary_large_image","twitter_misc":{"Escrito por":"agadcojimies"},"schema":{"@context":"https:\/\/schema.org","@graph":[{"@type":"Organization","@id":"https:\/\/gadcojimies.gob.ec\/manabi\/#organization","name":"GAD Parroquial de Cojimies Manabi","url":"https:\/\/gadcojimies.gob.ec\/manabi\/","sameAs":[],"logo":{"@type":"ImageObject","@id":"https:\/\/gadcojimies.gob.ec\/manabi\/#logo","inLanguage":"es","url":"https:\/\/gadcojimies.gob.ec\/manabi\/wp-content\/uploads\/2020\/03\/logoFooterAncho.png","contentUrl":"https:\/\/gadcojimies.gob.ec\/manabi\/wp-content\/uploads\/2020\/03\/logoFooterAncho.png","width":220,"height":140,"caption":"GAD Parroquial de Cojimies Manabi"},"image":{"@id":"https:\/\/gadcojimies.gob.ec\/manabi\/#logo"}},{"@type":"WebSite","@id":"https:\/\/gadcojimies.gob.ec\/manabi\/#website","url":"https:\/\/gadcojimies.gob.ec\/manabi\/","name":"GAD parroquial de Cojim\u00edes Manabi","description":"Sitio Oficial de la Parroquia de Cojim\u00edes Manabi","publisher":{"@id":"https:\/\/gadcojimies.gob.ec\/manabi\/#organization"},"potentialAction":[{"@type":"SearchAction","target":{"@type":"EntryPoint","urlTemplate":"https:\/\/gadcojimies.gob.ec\/manabi\/?s={search_term_string}"},"query-input":"required name=search_term_string"}],"inLanguage":"es"},{"@type":"ImageObject","@id":"https:\/\/gadcojimies.gob.ec\/manabi\/2853\/#primaryimage","inLanguage":"es","url":"https:\/\/gadcojimies.gob.ec\/manabi\/wp-content\/uploads\/2019\/07\/reunioncojimies.jpg","contentUrl":"https:\/\/gadcojimies.gob.ec\/manabi\/wp-content\/uploads\/2019\/07\/reunioncojimies.jpg","width":700,"height":525},{"@type":"WebPage","@id":"https:\/\/gadcojimies.gob.ec\/manabi\/2853\/#webpage","url":"https:\/\/gadcojimies.gob.ec\/manabi\/2853\/","name":"Buenas noticias para nuestra ruralidad -","isPartOf":{"@id":"https:\/\/gadcojimies.gob.ec\/manabi\/#website"},"primaryImageOfPage":{"@id":"https:\/\/gadcojimies.gob.ec\/manabi\/2853\/#primaryimage"},"datePublished":"2019-07-12T20:55:50+00:00","dateModified":"2019-07-12T20:56:58+00:00","breadcrumb":{"@id":"https:\/\/gadcojimies.gob.ec\/manabi\/2853\/#breadcrumb"},"inLanguage":"es","potentialAction":[{"@type":"ReadAction","target":["https:\/\/gadcojimies.gob.ec\/manabi\/2853\/"]}]},{"@type":"BreadcrumbList","@id":"https:\/\/gadcojimies.gob.ec\/manabi\/2853\/#breadcrumb","itemListElement":[{"@type":"ListItem","position":1,"name":"Home","item":"https:\/\/gadcojimies.gob.ec\/manabi\/"},{"@type":"ListItem","position":2,"name":"Buenas noticias para nuestra ruralidad"}]},{"@type":"Article","@id":"https:\/\/gadcojimies.gob.ec\/manabi\/2853\/#article","isPartOf":{"@id":"https:\/\/gadcojimies.gob.ec\/manabi\/2853\/#webpage"},"author":{"@id":"https:\/\/gadcojimies.gob.ec\/manabi\/#\/schema\/person\/f2d181c96e9b6120c1f4cff3f37a0454"},"headline":"Buenas noticias para nuestra ruralidad","datePublished":"2019-07-12T20:55:50+00:00","dateModified":"2019-07-12T20:56:58+00:00","mainEntityOfPage":{"@id":"https:\/\/gadcojimies.gob.ec\/manabi\/2853\/#webpage"},"wordCount":86,"publisher":{"@id":"https:\/\/gadcojimies.gob.ec\/manabi\/#organization"},"image":{"@id":"https:\/\/gadcojimies.gob.ec\/manabi\/2853\/#primaryimage"},"thumbnailUrl":"https:\/\/gadcojimies.gob.ec\/manabi\/wp-content\/uploads\/2019\/07\/reunioncojimies.jpg","articleSection":["Business"],"inLanguage":"es"},{"@type":"Person","@id":"https:\/\/gadcojimies.gob.ec\/manabi\/#\/schema\/person\/f2d181c96e9b6120c1f4cff3f37a0454","name":"agadcojimies","image":{"@type":"ImageObject","@id":"https:\/\/gadcojimies.gob.ec\/manabi\/#personlogo","inLanguage":"es","url":"https:\/\/secure.gravatar.com\/avatar\/b7ceb8d4252728c0b1d1cd3b9cad0763b9c634e606648daa884e5ee6d60d6ebc?s=96&d=mm&r=g","contentUrl":"https:\/\/secure.gravatar.com\/avatar\/b7ceb8d4252728c0b1d1cd3b9cad0763b9c634e606648daa884e5ee6d60d6ebc?s=96&d=mm&r=g","caption":"agadcojimies"},"url":"https:\/\/gadcojimies.gob.ec\/manabi\/author\/agadcojimies\/"}]}},"_links":{"self":[{"href":"https:\/\/gadcojimies.gob.ec\/manabi\/wp-json\/wp\/v2\/posts\/2853","targetHints":{"allow":["GET"]}}],"collection":[{"href":"https:\/\/gadcojimies.gob.ec\/manabi\/wp-json\/wp\/v2\/posts"}],"about":[{"href":"https:\/\/gadcojimies.gob.ec\/manabi\/wp-json\/wp\/v2\/types\/post"}],"author":[{"embeddable":true,"href":"https:\/\/gadcojimies.gob.ec\/manabi\/wp-json\/wp\/v2\/users\/6"}],"replies":[{"embeddable":true,"href":"https:\/\/gadcojimies.gob.ec\/manabi\/wp-json\/wp\/v2\/comments?post=2853"}],"version-history":[{"count":2,"href":"https:\/\/gadcojimies.gob.ec\/manabi\/wp-json\/wp\/v2\/posts\/2853\/revisions"}],"predecessor-version":[{"id":2855,"href":"https:\/\/gadcojimies.gob.ec\/manabi\/wp-json\/wp\/v2\/posts\/2853\/revisions\/2855"}],"wp:featuredmedia":[{"embeddable":true,"href":"https:\/\/gadcojimies.gob.ec\/manabi\/wp-json\/wp\/v2\/media\/2814"}],"wp:attachment":[{"href":"https:\/\/gadcojimies.gob.ec\/manabi\/wp-json\/wp\/v2\/media?parent=2853"}],"wp:term":[{"taxonomy":"category","embeddable":true,"href":"https:\/\/gadcojimies.gob.ec\/manabi\/wp-json\/wp\/v2\/categories?post=2853"},{"taxonomy":"post_tag","embeddable":true,"href":"https:\/\/gadcojimies.gob.ec\/manabi\/wp-json\/wp\/v2\/tags?post=2853"}],"curies":[{"name":"wp","href":"https:\/\/api.w.org\/{rel}","templated":true}]}}