{"id":3029,"date":"2019-07-24T08:31:24","date_gmt":"2019-07-24T12:31:24","guid":{"rendered":"http:\/\/gadcojimies.gob.ec\/manabi\/?p=3029"},"modified":"2019-07-24T08:31:30","modified_gmt":"2019-07-24T12:31:30","slug":"seremos-el-cambio-por-un-cojimies-grande","status":"publish","type":"post","link":"https:\/\/gadcojimies.gob.ec\/manabi\/seremos-el-cambio-por-un-cojimies-grande\/","title":{"rendered":"Seremos el cambio, por un Cojim\u00edes grande"},"content":{"rendered":"<p><img loading=\"lazy\" decoding=\"async\" class=\"alignnone size-medium wp-image-3026 aligncenter\" src=\"http:\/\/gadcojimies.gob.ec\/manabi\/wp-content\/uploads\/2014\/10\/67170808_2666699273374800_81549665035616256_n-550x413.jpg\" alt=\"\" width=\"550\" height=\"413\" data-id=\"3026\" srcset=\"https:\/\/gadcojimies.gob.ec\/manabi\/wp-content\/uploads\/2014\/10\/67170808_2666699273374800_81549665035616256_n-550x413.jpg 550w, https:\/\/gadcojimies.gob.ec\/manabi\/wp-content\/uploads\/2014\/10\/67170808_2666699273374800_81549665035616256_n.jpg 700w\" sizes=\"auto, (max-width: 550px) 100vw, 550px\" \/><\/p>\n<p>Con la finalidad de que se cumplan especificaciones t\u00e9cnicas y plazos contractuales, el presidente del Gobierno Parroquial de Cojim\u00edes, Lu\u00eds Andrade Garc\u00eda, reviso los avances de la obra en construcci\u00f3n de la casa artesanal; misma que se ejecuta mediante administraci\u00f3n directa.<\/p>\n<p>Click:<strong><a href=\"https:\/\/www.facebook.com\/gobiernoautonomo.descentralizadoparroquialcojimies\/posts\/2666704486707612\"> Im\u00e1genes\u00a0<\/a><\/strong><\/p>\n","protected":false},"excerpt":{"rendered":"<p>Con la finalidad de que se cumplan especificaciones t\u00e9cnicas y plazos contractuales, el presidente del Gobierno Parroquial de Cojim\u00edes, Lu\u00eds Andrade Garc\u00eda, reviso los avances de la obra en construcci\u00f3n de la casa artesanal; misma que se ejecuta mediante administraci\u00f3n directa. Click: Im\u00e1genes\u00a0<\/p>\n","protected":false},"author":6,"featured_media":0,"comment_status":"closed","ping_status":"closed","sticky":false,"template":"","format":"standard","meta":{"_gspb_post_css":"","site-sidebar-layout":"default","site-content-layout":"","ast-site-content-layout":"","site-content-style":"default","site-sidebar-style":"default","ast-global-header-display":"","ast-banner-title-visibility":"","ast-main-header-display":"","ast-hfb-above-header-display":"","ast-hfb-below-header-display":"","ast-hfb-mobile-header-display":"","site-post-title":"","ast-breadcrumbs-content":"","ast-featured-img":"","footer-sml-layout":"","theme-transparent-header-meta":"","adv-header-id-meta":"","stick-header-meta":"","header-above-stick-meta":"","header-main-stick-meta":"","header-below-stick-meta":"","astra-migrate-meta-layouts":"default","ast-page-background-enabled":"default","ast-page-background-meta":{"desktop":{"background-color":"var(--ast-global-color-4)","background-image":"","background-repeat":"repeat","background-position":"center center","background-size":"auto","background-attachment":"scroll","background-type":"","background-media":"","overlay-type":"","overlay-color":"","overlay-opacity":"","overlay-gradient":""},"tablet":{"background-color":"","background-image":"","background-repeat":"repeat","background-position":"center center","background-size":"auto","background-attachment":"scroll","background-type":"","background-media":"","overlay-type":"","overlay-color":"","overlay-opacity":"","overlay-gradient":""},"mobile":{"background-color":"","background-image":"","background-repeat":"repeat","background-position":"center center","background-size":"auto","background-attachment":"scroll","background-type":"","background-media":"","overlay-type":"","overlay-color":"","overlay-opacity":"","overlay-gradient":""}},"ast-content-background-meta":{"desktop":{"background-color":"var(--ast-global-color-5)","background-image":"","background-repeat":"repeat","background-position":"center center","background-size":"auto","background-attachment":"scroll","background-type":"","background-media":"","overlay-type":"","overlay-color":"","overlay-opacity":"","overlay-gradient":""},"tablet":{"background-color":"var(--ast-global-color-5)","background-image":"","background-repeat":"repeat","background-position":"center center","background-size":"auto","background-attachment":"scroll","background-type":"","background-media":"","overlay-type":"","overlay-color":"","overlay-opacity":"","overlay-gradient":""},"mobile":{"background-color":"var(--ast-global-color-5)","background-image":"","background-repeat":"repeat","background-position":"center center","background-size":"auto","background-attachment":"scroll","background-type":"","background-media":"","overlay-type":"","overlay-color":"","overlay-opacity":"","overlay-gradient":""}},"footnotes":""},"categories":[1],"tags":[],"class_list":["post-3029","post","type-post","status-publish","format-standard","hentry","category-sin-categoria"],"yoast_head":"<!-- This site is optimized with the Yoast SEO plugin v17.8 - https:\/\/yoast.com\/wordpress\/plugins\/seo\/ -->\n<title>Seremos el cambio, por un Cojim\u00edes grande -<\/title>\n<meta name=\"robots\" content=\"index, follow, max-snippet:-1, max-image-preview:large, max-video-preview:-1\" \/>\n<link rel=\"canonical\" href=\"https:\/\/gadcojimies.gob.ec\/manabi\/seremos-el-cambio-por-un-cojimies-grande\/\" \/>\n<meta property=\"og:locale\" content=\"es_ES\" \/>\n<meta property=\"og:type\" content=\"article\" \/>\n<meta property=\"og:title\" content=\"Seremos el cambio, por un Cojim\u00edes grande -\" \/>\n<meta property=\"og:description\" content=\"Con la finalidad de que se cumplan especificaciones t\u00e9cnicas y plazos contractuales, el presidente del Gobierno Parroquial de Cojim\u00edes, Lu\u00eds Andrade Garc\u00eda, reviso los avances de la obra en construcci\u00f3n de la casa artesanal; misma que se ejecuta mediante administraci\u00f3n directa. Click: Im\u00e1genes\u00a0\" \/>\n<meta property=\"og:url\" content=\"https:\/\/gadcojimies.gob.ec\/manabi\/seremos-el-cambio-por-un-cojimies-grande\/\" \/>\n<meta property=\"article:published_time\" content=\"2019-07-24T12:31:24+00:00\" \/>\n<meta property=\"article:modified_time\" content=\"2019-07-24T12:31:30+00:00\" \/>\n<meta property=\"og:image\" content=\"http:\/\/gadcojimies.gob.ec\/manabi\/wp-content\/uploads\/2014\/10\/67170808_2666699273374800_81549665035616256_n-550x413.jpg\" \/>\n<meta name=\"twitter:card\" content=\"summary_large_image\" \/>\n<meta name=\"twitter:label1\" content=\"Escrito por\" \/>\n\t<meta name=\"twitter:data1\" content=\"agadcojimies\" \/>\n<script type=\"application\/ld+json\" class=\"yoast-schema-graph\">{\"@context\":\"https:\/\/schema.org\",\"@graph\":[{\"@type\":\"Organization\",\"@id\":\"https:\/\/gadcojimies.gob.ec\/manabi\/#organization\",\"name\":\"GAD Parroquial de Cojimies Manabi\",\"url\":\"https:\/\/gadcojimies.gob.ec\/manabi\/\",\"sameAs\":[],\"logo\":{\"@type\":\"ImageObject\",\"@id\":\"https:\/\/gadcojimies.gob.ec\/manabi\/#logo\",\"inLanguage\":\"es\",\"url\":\"https:\/\/gadcojimies.gob.ec\/manabi\/wp-content\/uploads\/2020\/03\/logoFooterAncho.png\",\"contentUrl\":\"https:\/\/gadcojimies.gob.ec\/manabi\/wp-content\/uploads\/2020\/03\/logoFooterAncho.png\",\"width\":220,\"height\":140,\"caption\":\"GAD Parroquial de Cojimies Manabi\"},\"image\":{\"@id\":\"https:\/\/gadcojimies.gob.ec\/manabi\/#logo\"}},{\"@type\":\"WebSite\",\"@id\":\"https:\/\/gadcojimies.gob.ec\/manabi\/#website\",\"url\":\"https:\/\/gadcojimies.gob.ec\/manabi\/\",\"name\":\"GAD parroquial de Cojim\\u00edes Manabi\",\"description\":\"Sitio Oficial de la Parroquia de Cojim\\u00edes Manabi\",\"publisher\":{\"@id\":\"https:\/\/gadcojimies.gob.ec\/manabi\/#organization\"},\"potentialAction\":[{\"@type\":\"SearchAction\",\"target\":{\"@type\":\"EntryPoint\",\"urlTemplate\":\"https:\/\/gadcojimies.gob.ec\/manabi\/?s={search_term_string}\"},\"query-input\":\"required name=search_term_string\"}],\"inLanguage\":\"es\"},{\"@type\":\"ImageObject\",\"@id\":\"https:\/\/gadcojimies.gob.ec\/manabi\/seremos-el-cambio-por-un-cojimies-grande\/#primaryimage\",\"inLanguage\":\"es\",\"url\":\"http:\/\/gadcojimies.gob.ec\/manabi\/wp-content\/uploads\/2014\/10\/67170808_2666699273374800_81549665035616256_n-550x413.jpg\",\"contentUrl\":\"http:\/\/gadcojimies.gob.ec\/manabi\/wp-content\/uploads\/2014\/10\/67170808_2666699273374800_81549665035616256_n-550x413.jpg\"},{\"@type\":\"WebPage\",\"@id\":\"https:\/\/gadcojimies.gob.ec\/manabi\/seremos-el-cambio-por-un-cojimies-grande\/#webpage\",\"url\":\"https:\/\/gadcojimies.gob.ec\/manabi\/seremos-el-cambio-por-un-cojimies-grande\/\",\"name\":\"Seremos el cambio, por un Cojim\\u00edes grande -\",\"isPartOf\":{\"@id\":\"https:\/\/gadcojimies.gob.ec\/manabi\/#website\"},\"primaryImageOfPage\":{\"@id\":\"https:\/\/gadcojimies.gob.ec\/manabi\/seremos-el-cambio-por-un-cojimies-grande\/#primaryimage\"},\"datePublished\":\"2019-07-24T12:31:24+00:00\",\"dateModified\":\"2019-07-24T12:31:30+00:00\",\"breadcrumb\":{\"@id\":\"https:\/\/gadcojimies.gob.ec\/manabi\/seremos-el-cambio-por-un-cojimies-grande\/#breadcrumb\"},\"inLanguage\":\"es\",\"potentialAction\":[{\"@type\":\"ReadAction\",\"target\":[\"https:\/\/gadcojimies.gob.ec\/manabi\/seremos-el-cambio-por-un-cojimies-grande\/\"]}]},{\"@type\":\"BreadcrumbList\",\"@id\":\"https:\/\/gadcojimies.gob.ec\/manabi\/seremos-el-cambio-por-un-cojimies-grande\/#breadcrumb\",\"itemListElement\":[{\"@type\":\"ListItem\",\"position\":1,\"name\":\"Home\",\"item\":\"https:\/\/gadcojimies.gob.ec\/manabi\/\"},{\"@type\":\"ListItem\",\"position\":2,\"name\":\"Seremos el cambio, por un Cojim\\u00edes grande\"}]},{\"@type\":\"Article\",\"@id\":\"https:\/\/gadcojimies.gob.ec\/manabi\/seremos-el-cambio-por-un-cojimies-grande\/#article\",\"isPartOf\":{\"@id\":\"https:\/\/gadcojimies.gob.ec\/manabi\/seremos-el-cambio-por-un-cojimies-grande\/#webpage\"},\"author\":{\"@id\":\"https:\/\/gadcojimies.gob.ec\/manabi\/#\/schema\/person\/f2d181c96e9b6120c1f4cff3f37a0454\"},\"headline\":\"Seremos el cambio, por un Cojim\\u00edes grande\",\"datePublished\":\"2019-07-24T12:31:24+00:00\",\"dateModified\":\"2019-07-24T12:31:30+00:00\",\"mainEntityOfPage\":{\"@id\":\"https:\/\/gadcojimies.gob.ec\/manabi\/seremos-el-cambio-por-un-cojimies-grande\/#webpage\"},\"wordCount\":58,\"publisher\":{\"@id\":\"https:\/\/gadcojimies.gob.ec\/manabi\/#organization\"},\"image\":{\"@id\":\"https:\/\/gadcojimies.gob.ec\/manabi\/seremos-el-cambio-por-un-cojimies-grande\/#primaryimage\"},\"thumbnailUrl\":\"http:\/\/gadcojimies.gob.ec\/manabi\/wp-content\/uploads\/2014\/10\/67170808_2666699273374800_81549665035616256_n-550x413.jpg\",\"inLanguage\":\"es\"},{\"@type\":\"Person\",\"@id\":\"https:\/\/gadcojimies.gob.ec\/manabi\/#\/schema\/person\/f2d181c96e9b6120c1f4cff3f37a0454\",\"name\":\"agadcojimies\",\"image\":{\"@type\":\"ImageObject\",\"@id\":\"https:\/\/gadcojimies.gob.ec\/manabi\/#personlogo\",\"inLanguage\":\"es\",\"url\":\"https:\/\/secure.gravatar.com\/avatar\/b7ceb8d4252728c0b1d1cd3b9cad0763b9c634e606648daa884e5ee6d60d6ebc?s=96&d=mm&r=g\",\"contentUrl\":\"https:\/\/secure.gravatar.com\/avatar\/b7ceb8d4252728c0b1d1cd3b9cad0763b9c634e606648daa884e5ee6d60d6ebc?s=96&d=mm&r=g\",\"caption\":\"agadcojimies\"},\"url\":\"https:\/\/gadcojimies.gob.ec\/manabi\/author\/agadcojimies\/\"}]}<\/script>\n<!-- \/ Yoast SEO plugin. -->","yoast_head_json":{"title":"Seremos el cambio, por un Cojim\u00edes grande -","robots":{"index":"index","follow":"follow","max-snippet":"max-snippet:-1","max-image-preview":"max-image-preview:large","max-video-preview":"max-video-preview:-1"},"canonical":"https:\/\/gadcojimies.gob.ec\/manabi\/seremos-el-cambio-por-un-cojimies-grande\/","og_locale":"es_ES","og_type":"article","og_title":"Seremos el cambio, por un Cojim\u00edes grande -","og_description":"Con la finalidad de que se cumplan especificaciones t\u00e9cnicas y plazos contractuales, el presidente del Gobierno Parroquial de Cojim\u00edes, Lu\u00eds Andrade Garc\u00eda, reviso los avances de la obra en construcci\u00f3n de la casa artesanal; misma que se ejecuta mediante administraci\u00f3n directa. Click: Im\u00e1genes\u00a0","og_url":"https:\/\/gadcojimies.gob.ec\/manabi\/seremos-el-cambio-por-un-cojimies-grande\/","article_published_time":"2019-07-24T12:31:24+00:00","article_modified_time":"2019-07-24T12:31:30+00:00","og_image":[{"url":"http:\/\/gadcojimies.gob.ec\/manabi\/wp-content\/uploads\/2014\/10\/67170808_2666699273374800_81549665035616256_n-550x413.jpg"}],"twitter_card":"summary_large_image","twitter_misc":{"Escrito por":"agadcojimies"},"schema":{"@context":"https:\/\/schema.org","@graph":[{"@type":"Organization","@id":"https:\/\/gadcojimies.gob.ec\/manabi\/#organization","name":"GAD Parroquial de Cojimies Manabi","url":"https:\/\/gadcojimies.gob.ec\/manabi\/","sameAs":[],"logo":{"@type":"ImageObject","@id":"https:\/\/gadcojimies.gob.ec\/manabi\/#logo","inLanguage":"es","url":"https:\/\/gadcojimies.gob.ec\/manabi\/wp-content\/uploads\/2020\/03\/logoFooterAncho.png","contentUrl":"https:\/\/gadcojimies.gob.ec\/manabi\/wp-content\/uploads\/2020\/03\/logoFooterAncho.png","width":220,"height":140,"caption":"GAD Parroquial de Cojimies Manabi"},"image":{"@id":"https:\/\/gadcojimies.gob.ec\/manabi\/#logo"}},{"@type":"WebSite","@id":"https:\/\/gadcojimies.gob.ec\/manabi\/#website","url":"https:\/\/gadcojimies.gob.ec\/manabi\/","name":"GAD parroquial de Cojim\u00edes Manabi","description":"Sitio Oficial de la Parroquia de Cojim\u00edes Manabi","publisher":{"@id":"https:\/\/gadcojimies.gob.ec\/manabi\/#organization"},"potentialAction":[{"@type":"SearchAction","target":{"@type":"EntryPoint","urlTemplate":"https:\/\/gadcojimies.gob.ec\/manabi\/?s={search_term_string}"},"query-input":"required name=search_term_string"}],"inLanguage":"es"},{"@type":"ImageObject","@id":"https:\/\/gadcojimies.gob.ec\/manabi\/seremos-el-cambio-por-un-cojimies-grande\/#primaryimage","inLanguage":"es","url":"http:\/\/gadcojimies.gob.ec\/manabi\/wp-content\/uploads\/2014\/10\/67170808_2666699273374800_81549665035616256_n-550x413.jpg","contentUrl":"http:\/\/gadcojimies.gob.ec\/manabi\/wp-content\/uploads\/2014\/10\/67170808_2666699273374800_81549665035616256_n-550x413.jpg"},{"@type":"WebPage","@id":"https:\/\/gadcojimies.gob.ec\/manabi\/seremos-el-cambio-por-un-cojimies-grande\/#webpage","url":"https:\/\/gadcojimies.gob.ec\/manabi\/seremos-el-cambio-por-un-cojimies-grande\/","name":"Seremos el cambio, por un Cojim\u00edes grande -","isPartOf":{"@id":"https:\/\/gadcojimies.gob.ec\/manabi\/#website"},"primaryImageOfPage":{"@id":"https:\/\/gadcojimies.gob.ec\/manabi\/seremos-el-cambio-por-un-cojimies-grande\/#primaryimage"},"datePublished":"2019-07-24T12:31:24+00:00","dateModified":"2019-07-24T12:31:30+00:00","breadcrumb":{"@id":"https:\/\/gadcojimies.gob.ec\/manabi\/seremos-el-cambio-por-un-cojimies-grande\/#breadcrumb"},"inLanguage":"es","potentialAction":[{"@type":"ReadAction","target":["https:\/\/gadcojimies.gob.ec\/manabi\/seremos-el-cambio-por-un-cojimies-grande\/"]}]},{"@type":"BreadcrumbList","@id":"https:\/\/gadcojimies.gob.ec\/manabi\/seremos-el-cambio-por-un-cojimies-grande\/#breadcrumb","itemListElement":[{"@type":"ListItem","position":1,"name":"Home","item":"https:\/\/gadcojimies.gob.ec\/manabi\/"},{"@type":"ListItem","position":2,"name":"Seremos el cambio, por un Cojim\u00edes grande"}]},{"@type":"Article","@id":"https:\/\/gadcojimies.gob.ec\/manabi\/seremos-el-cambio-por-un-cojimies-grande\/#article","isPartOf":{"@id":"https:\/\/gadcojimies.gob.ec\/manabi\/seremos-el-cambio-por-un-cojimies-grande\/#webpage"},"author":{"@id":"https:\/\/gadcojimies.gob.ec\/manabi\/#\/schema\/person\/f2d181c96e9b6120c1f4cff3f37a0454"},"headline":"Seremos el cambio, por un Cojim\u00edes grande","datePublished":"2019-07-24T12:31:24+00:00","dateModified":"2019-07-24T12:31:30+00:00","mainEntityOfPage":{"@id":"https:\/\/gadcojimies.gob.ec\/manabi\/seremos-el-cambio-por-un-cojimies-grande\/#webpage"},"wordCount":58,"publisher":{"@id":"https:\/\/gadcojimies.gob.ec\/manabi\/#organization"},"image":{"@id":"https:\/\/gadcojimies.gob.ec\/manabi\/seremos-el-cambio-por-un-cojimies-grande\/#primaryimage"},"thumbnailUrl":"http:\/\/gadcojimies.gob.ec\/manabi\/wp-content\/uploads\/2014\/10\/67170808_2666699273374800_81549665035616256_n-550x413.jpg","inLanguage":"es"},{"@type":"Person","@id":"https:\/\/gadcojimies.gob.ec\/manabi\/#\/schema\/person\/f2d181c96e9b6120c1f4cff3f37a0454","name":"agadcojimies","image":{"@type":"ImageObject","@id":"https:\/\/gadcojimies.gob.ec\/manabi\/#personlogo","inLanguage":"es","url":"https:\/\/secure.gravatar.com\/avatar\/b7ceb8d4252728c0b1d1cd3b9cad0763b9c634e606648daa884e5ee6d60d6ebc?s=96&d=mm&r=g","contentUrl":"https:\/\/secure.gravatar.com\/avatar\/b7ceb8d4252728c0b1d1cd3b9cad0763b9c634e606648daa884e5ee6d60d6ebc?s=96&d=mm&r=g","caption":"agadcojimies"},"url":"https:\/\/gadcojimies.gob.ec\/manabi\/author\/agadcojimies\/"}]}},"_links":{"self":[{"href":"https:\/\/gadcojimies.gob.ec\/manabi\/wp-json\/wp\/v2\/posts\/3029","targetHints":{"allow":["GET"]}}],"collection":[{"href":"https:\/\/gadcojimies.gob.ec\/manabi\/wp-json\/wp\/v2\/posts"}],"about":[{"href":"https:\/\/gadcojimies.gob.ec\/manabi\/wp-json\/wp\/v2\/types\/post"}],"author":[{"embeddable":true,"href":"https:\/\/gadcojimies.gob.ec\/manabi\/wp-json\/wp\/v2\/users\/6"}],"replies":[{"embeddable":true,"href":"https:\/\/gadcojimies.gob.ec\/manabi\/wp-json\/wp\/v2\/comments?post=3029"}],"version-history":[{"count":1,"href":"https:\/\/gadcojimies.gob.ec\/manabi\/wp-json\/wp\/v2\/posts\/3029\/revisions"}],"predecessor-version":[{"id":3030,"href":"https:\/\/gadcojimies.gob.ec\/manabi\/wp-json\/wp\/v2\/posts\/3029\/revisions\/3030"}],"wp:attachment":[{"href":"https:\/\/gadcojimies.gob.ec\/manabi\/wp-json\/wp\/v2\/media?parent=3029"}],"wp:term":[{"taxonomy":"category","embeddable":true,"href":"https:\/\/gadcojimies.gob.ec\/manabi\/wp-json\/wp\/v2\/categories?post=3029"},{"taxonomy":"post_tag","embeddable":true,"href":"https:\/\/gadcojimies.gob.ec\/manabi\/wp-json\/wp\/v2\/tags?post=3029"}],"curies":[{"name":"wp","href":"https:\/\/api.w.org\/{rel}","templated":true}]}}