{"id":3037,"date":"2019-07-29T09:17:39","date_gmt":"2019-07-29T13:17:39","guid":{"rendered":"http:\/\/gadcojimies.gob.ec\/manabi\/?p=3037"},"modified":"2019-07-29T09:17:39","modified_gmt":"2019-07-29T13:17:39","slug":"dirigente-del-sitio-puerto-cotera-visitan-el-gad-parroquial","status":"publish","type":"post","link":"https:\/\/gadcojimies.gob.ec\/manabi\/dirigente-del-sitio-puerto-cotera-visitan-el-gad-parroquial\/","title":{"rendered":"Dirigente del sitio Puerto Cotera visitan el GAD Parroquial"},"content":{"rendered":"<p><img loading=\"lazy\" decoding=\"async\" class=\"size-medium wp-image-3038 aligncenter\" src=\"http:\/\/gadcojimies.gob.ec\/manabi\/wp-content\/uploads\/2019\/07\/cotera-550x413.jpg\" alt=\"\" width=\"550\" height=\"413\" data-id=\"3038\" srcset=\"https:\/\/gadcojimies.gob.ec\/manabi\/wp-content\/uploads\/2019\/07\/cotera-550x413.jpg 550w, https:\/\/gadcojimies.gob.ec\/manabi\/wp-content\/uploads\/2019\/07\/cotera.jpg 700w\" sizes=\"auto, (max-width: 550px) 100vw, 550px\" \/><\/p>\n<p>Dirigente del sitio Puerto Cotera de la parroquia Cojim\u00edes visitaron al presidente del Gobierno Parroquial, Lu\u00eds Andrade Garc\u00eda para juntos gestionar la intervenci\u00f3n en territorio. Atenci\u00f3n en temas de salud con brigadas m\u00e9dicas, mejoramiento de v\u00edas y del servicio de agua, compromisos que se han adquirido para su gesti\u00f3n ante el Gobierno Provincial de Manab\u00ed.<\/p>\n<p>Click:<strong> <a href=\"https:\/\/www.facebook.com\/gobiernoautonomo.descentralizadoparroquialcojimies\/posts\/2668298583214869\">Im\u00e1genes<\/a><\/strong><\/p>\n","protected":false},"excerpt":{"rendered":"<p>Dirigente del sitio Puerto Cotera de la parroquia Cojim\u00edes visitaron al presidente del Gobierno Parroquial, Lu\u00eds Andrade Garc\u00eda para juntos gestionar la intervenci\u00f3n en territorio. Atenci\u00f3n en temas de salud con brigadas m\u00e9dicas, mejoramiento de v\u00edas y del servicio de agua, compromisos que se han adquirido para su gesti\u00f3n ante el Gobierno Provincial de Manab\u00ed. [&hellip;]<\/p>\n","protected":false},"author":6,"featured_media":0,"comment_status":"closed","ping_status":"closed","sticky":false,"template":"","format":"standard","meta":{"_gspb_post_css":"","site-sidebar-layout":"default","site-content-layout":"","ast-site-content-layout":"","site-content-style":"default","site-sidebar-style":"default","ast-global-header-display":"","ast-banner-title-visibility":"","ast-main-header-display":"","ast-hfb-above-header-display":"","ast-hfb-below-header-display":"","ast-hfb-mobile-header-display":"","site-post-title":"","ast-breadcrumbs-content":"","ast-featured-img":"","footer-sml-layout":"","theme-transparent-header-meta":"","adv-header-id-meta":"","stick-header-meta":"","header-above-stick-meta":"","header-main-stick-meta":"","header-below-stick-meta":"","astra-migrate-meta-layouts":"default","ast-page-background-enabled":"default","ast-page-background-meta":{"desktop":{"background-color":"var(--ast-global-color-4)","background-image":"","background-repeat":"repeat","background-position":"center center","background-size":"auto","background-attachment":"scroll","background-type":"","background-media":"","overlay-type":"","overlay-color":"","overlay-opacity":"","overlay-gradient":""},"tablet":{"background-color":"","background-image":"","background-repeat":"repeat","background-position":"center center","background-size":"auto","background-attachment":"scroll","background-type":"","background-media":"","overlay-type":"","overlay-color":"","overlay-opacity":"","overlay-gradient":""},"mobile":{"background-color":"","background-image":"","background-repeat":"repeat","background-position":"center center","background-size":"auto","background-attachment":"scroll","background-type":"","background-media":"","overlay-type":"","overlay-color":"","overlay-opacity":"","overlay-gradient":""}},"ast-content-background-meta":{"desktop":{"background-color":"var(--ast-global-color-5)","background-image":"","background-repeat":"repeat","background-position":"center center","background-size":"auto","background-attachment":"scroll","background-type":"","background-media":"","overlay-type":"","overlay-color":"","overlay-opacity":"","overlay-gradient":""},"tablet":{"background-color":"var(--ast-global-color-5)","background-image":"","background-repeat":"repeat","background-position":"center center","background-size":"auto","background-attachment":"scroll","background-type":"","background-media":"","overlay-type":"","overlay-color":"","overlay-opacity":"","overlay-gradient":""},"mobile":{"background-color":"var(--ast-global-color-5)","background-image":"","background-repeat":"repeat","background-position":"center center","background-size":"auto","background-attachment":"scroll","background-type":"","background-media":"","overlay-type":"","overlay-color":"","overlay-opacity":"","overlay-gradient":""}},"footnotes":""},"categories":[1],"tags":[],"class_list":["post-3037","post","type-post","status-publish","format-standard","hentry","category-sin-categoria"],"yoast_head":"<!-- This site is optimized with the Yoast SEO plugin v17.8 - https:\/\/yoast.com\/wordpress\/plugins\/seo\/ -->\n<title>Dirigente del sitio Puerto Cotera visitan el GAD Parroquial -<\/title>\n<meta name=\"robots\" content=\"index, follow, max-snippet:-1, max-image-preview:large, max-video-preview:-1\" \/>\n<link rel=\"canonical\" href=\"https:\/\/gadcojimies.gob.ec\/manabi\/dirigente-del-sitio-puerto-cotera-visitan-el-gad-parroquial\/\" \/>\n<meta property=\"og:locale\" content=\"es_ES\" \/>\n<meta property=\"og:type\" content=\"article\" \/>\n<meta property=\"og:title\" content=\"Dirigente del sitio Puerto Cotera visitan el GAD Parroquial -\" \/>\n<meta property=\"og:description\" content=\"Dirigente del sitio Puerto Cotera de la parroquia Cojim\u00edes visitaron al presidente del Gobierno Parroquial, Lu\u00eds Andrade Garc\u00eda para juntos gestionar la intervenci\u00f3n en territorio. Atenci\u00f3n en temas de salud con brigadas m\u00e9dicas, mejoramiento de v\u00edas y del servicio de agua, compromisos que se han adquirido para su gesti\u00f3n ante el Gobierno Provincial de Manab\u00ed. [&hellip;]\" \/>\n<meta property=\"og:url\" content=\"https:\/\/gadcojimies.gob.ec\/manabi\/dirigente-del-sitio-puerto-cotera-visitan-el-gad-parroquial\/\" \/>\n<meta property=\"article:published_time\" content=\"2019-07-29T13:17:39+00:00\" \/>\n<meta property=\"og:image\" content=\"http:\/\/gadcojimies.gob.ec\/manabi\/wp-content\/uploads\/2019\/07\/cotera-550x413.jpg\" \/>\n<meta name=\"twitter:card\" content=\"summary_large_image\" \/>\n<meta name=\"twitter:label1\" content=\"Escrito por\" \/>\n\t<meta name=\"twitter:data1\" content=\"agadcojimies\" \/>\n<script type=\"application\/ld+json\" class=\"yoast-schema-graph\">{\"@context\":\"https:\/\/schema.org\",\"@graph\":[{\"@type\":\"Organization\",\"@id\":\"https:\/\/gadcojimies.gob.ec\/manabi\/#organization\",\"name\":\"GAD Parroquial de Cojimies Manabi\",\"url\":\"https:\/\/gadcojimies.gob.ec\/manabi\/\",\"sameAs\":[],\"logo\":{\"@type\":\"ImageObject\",\"@id\":\"https:\/\/gadcojimies.gob.ec\/manabi\/#logo\",\"inLanguage\":\"es\",\"url\":\"https:\/\/gadcojimies.gob.ec\/manabi\/wp-content\/uploads\/2020\/03\/logoFooterAncho.png\",\"contentUrl\":\"https:\/\/gadcojimies.gob.ec\/manabi\/wp-content\/uploads\/2020\/03\/logoFooterAncho.png\",\"width\":220,\"height\":140,\"caption\":\"GAD Parroquial de Cojimies Manabi\"},\"image\":{\"@id\":\"https:\/\/gadcojimies.gob.ec\/manabi\/#logo\"}},{\"@type\":\"WebSite\",\"@id\":\"https:\/\/gadcojimies.gob.ec\/manabi\/#website\",\"url\":\"https:\/\/gadcojimies.gob.ec\/manabi\/\",\"name\":\"GAD parroquial de Cojim\\u00edes Manabi\",\"description\":\"Sitio Oficial de la Parroquia de Cojim\\u00edes Manabi\",\"publisher\":{\"@id\":\"https:\/\/gadcojimies.gob.ec\/manabi\/#organization\"},\"potentialAction\":[{\"@type\":\"SearchAction\",\"target\":{\"@type\":\"EntryPoint\",\"urlTemplate\":\"https:\/\/gadcojimies.gob.ec\/manabi\/?s={search_term_string}\"},\"query-input\":\"required name=search_term_string\"}],\"inLanguage\":\"es\"},{\"@type\":\"ImageObject\",\"@id\":\"https:\/\/gadcojimies.gob.ec\/manabi\/dirigente-del-sitio-puerto-cotera-visitan-el-gad-parroquial\/#primaryimage\",\"inLanguage\":\"es\",\"url\":\"http:\/\/gadcojimies.gob.ec\/manabi\/wp-content\/uploads\/2019\/07\/cotera-550x413.jpg\",\"contentUrl\":\"http:\/\/gadcojimies.gob.ec\/manabi\/wp-content\/uploads\/2019\/07\/cotera-550x413.jpg\"},{\"@type\":\"WebPage\",\"@id\":\"https:\/\/gadcojimies.gob.ec\/manabi\/dirigente-del-sitio-puerto-cotera-visitan-el-gad-parroquial\/#webpage\",\"url\":\"https:\/\/gadcojimies.gob.ec\/manabi\/dirigente-del-sitio-puerto-cotera-visitan-el-gad-parroquial\/\",\"name\":\"Dirigente del sitio Puerto Cotera visitan el GAD Parroquial -\",\"isPartOf\":{\"@id\":\"https:\/\/gadcojimies.gob.ec\/manabi\/#website\"},\"primaryImageOfPage\":{\"@id\":\"https:\/\/gadcojimies.gob.ec\/manabi\/dirigente-del-sitio-puerto-cotera-visitan-el-gad-parroquial\/#primaryimage\"},\"datePublished\":\"2019-07-29T13:17:39+00:00\",\"dateModified\":\"2019-07-29T13:17:39+00:00\",\"breadcrumb\":{\"@id\":\"https:\/\/gadcojimies.gob.ec\/manabi\/dirigente-del-sitio-puerto-cotera-visitan-el-gad-parroquial\/#breadcrumb\"},\"inLanguage\":\"es\",\"potentialAction\":[{\"@type\":\"ReadAction\",\"target\":[\"https:\/\/gadcojimies.gob.ec\/manabi\/dirigente-del-sitio-puerto-cotera-visitan-el-gad-parroquial\/\"]}]},{\"@type\":\"BreadcrumbList\",\"@id\":\"https:\/\/gadcojimies.gob.ec\/manabi\/dirigente-del-sitio-puerto-cotera-visitan-el-gad-parroquial\/#breadcrumb\",\"itemListElement\":[{\"@type\":\"ListItem\",\"position\":1,\"name\":\"Home\",\"item\":\"https:\/\/gadcojimies.gob.ec\/manabi\/\"},{\"@type\":\"ListItem\",\"position\":2,\"name\":\"Dirigente del sitio Puerto Cotera visitan el GAD Parroquial\"}]},{\"@type\":\"Article\",\"@id\":\"https:\/\/gadcojimies.gob.ec\/manabi\/dirigente-del-sitio-puerto-cotera-visitan-el-gad-parroquial\/#article\",\"isPartOf\":{\"@id\":\"https:\/\/gadcojimies.gob.ec\/manabi\/dirigente-del-sitio-puerto-cotera-visitan-el-gad-parroquial\/#webpage\"},\"author\":{\"@id\":\"https:\/\/gadcojimies.gob.ec\/manabi\/#\/schema\/person\/f2d181c96e9b6120c1f4cff3f37a0454\"},\"headline\":\"Dirigente del sitio Puerto Cotera visitan el GAD Parroquial\",\"datePublished\":\"2019-07-29T13:17:39+00:00\",\"dateModified\":\"2019-07-29T13:17:39+00:00\",\"mainEntityOfPage\":{\"@id\":\"https:\/\/gadcojimies.gob.ec\/manabi\/dirigente-del-sitio-puerto-cotera-visitan-el-gad-parroquial\/#webpage\"},\"wordCount\":75,\"publisher\":{\"@id\":\"https:\/\/gadcojimies.gob.ec\/manabi\/#organization\"},\"image\":{\"@id\":\"https:\/\/gadcojimies.gob.ec\/manabi\/dirigente-del-sitio-puerto-cotera-visitan-el-gad-parroquial\/#primaryimage\"},\"thumbnailUrl\":\"http:\/\/gadcojimies.gob.ec\/manabi\/wp-content\/uploads\/2019\/07\/cotera-550x413.jpg\",\"inLanguage\":\"es\"},{\"@type\":\"Person\",\"@id\":\"https:\/\/gadcojimies.gob.ec\/manabi\/#\/schema\/person\/f2d181c96e9b6120c1f4cff3f37a0454\",\"name\":\"agadcojimies\",\"image\":{\"@type\":\"ImageObject\",\"@id\":\"https:\/\/gadcojimies.gob.ec\/manabi\/#personlogo\",\"inLanguage\":\"es\",\"url\":\"https:\/\/secure.gravatar.com\/avatar\/b7ceb8d4252728c0b1d1cd3b9cad0763b9c634e606648daa884e5ee6d60d6ebc?s=96&d=mm&r=g\",\"contentUrl\":\"https:\/\/secure.gravatar.com\/avatar\/b7ceb8d4252728c0b1d1cd3b9cad0763b9c634e606648daa884e5ee6d60d6ebc?s=96&d=mm&r=g\",\"caption\":\"agadcojimies\"},\"url\":\"https:\/\/gadcojimies.gob.ec\/manabi\/author\/agadcojimies\/\"}]}<\/script>\n<!-- \/ Yoast SEO plugin. -->","yoast_head_json":{"title":"Dirigente del sitio Puerto Cotera visitan el GAD Parroquial -","robots":{"index":"index","follow":"follow","max-snippet":"max-snippet:-1","max-image-preview":"max-image-preview:large","max-video-preview":"max-video-preview:-1"},"canonical":"https:\/\/gadcojimies.gob.ec\/manabi\/dirigente-del-sitio-puerto-cotera-visitan-el-gad-parroquial\/","og_locale":"es_ES","og_type":"article","og_title":"Dirigente del sitio Puerto Cotera visitan el GAD Parroquial -","og_description":"Dirigente del sitio Puerto Cotera de la parroquia Cojim\u00edes visitaron al presidente del Gobierno Parroquial, Lu\u00eds Andrade Garc\u00eda para juntos gestionar la intervenci\u00f3n en territorio. Atenci\u00f3n en temas de salud con brigadas m\u00e9dicas, mejoramiento de v\u00edas y del servicio de agua, compromisos que se han adquirido para su gesti\u00f3n ante el Gobierno Provincial de Manab\u00ed. [&hellip;]","og_url":"https:\/\/gadcojimies.gob.ec\/manabi\/dirigente-del-sitio-puerto-cotera-visitan-el-gad-parroquial\/","article_published_time":"2019-07-29T13:17:39+00:00","og_image":[{"url":"http:\/\/gadcojimies.gob.ec\/manabi\/wp-content\/uploads\/2019\/07\/cotera-550x413.jpg"}],"twitter_card":"summary_large_image","twitter_misc":{"Escrito por":"agadcojimies"},"schema":{"@context":"https:\/\/schema.org","@graph":[{"@type":"Organization","@id":"https:\/\/gadcojimies.gob.ec\/manabi\/#organization","name":"GAD Parroquial de Cojimies Manabi","url":"https:\/\/gadcojimies.gob.ec\/manabi\/","sameAs":[],"logo":{"@type":"ImageObject","@id":"https:\/\/gadcojimies.gob.ec\/manabi\/#logo","inLanguage":"es","url":"https:\/\/gadcojimies.gob.ec\/manabi\/wp-content\/uploads\/2020\/03\/logoFooterAncho.png","contentUrl":"https:\/\/gadcojimies.gob.ec\/manabi\/wp-content\/uploads\/2020\/03\/logoFooterAncho.png","width":220,"height":140,"caption":"GAD Parroquial de Cojimies Manabi"},"image":{"@id":"https:\/\/gadcojimies.gob.ec\/manabi\/#logo"}},{"@type":"WebSite","@id":"https:\/\/gadcojimies.gob.ec\/manabi\/#website","url":"https:\/\/gadcojimies.gob.ec\/manabi\/","name":"GAD parroquial de Cojim\u00edes Manabi","description":"Sitio Oficial de la Parroquia de Cojim\u00edes Manabi","publisher":{"@id":"https:\/\/gadcojimies.gob.ec\/manabi\/#organization"},"potentialAction":[{"@type":"SearchAction","target":{"@type":"EntryPoint","urlTemplate":"https:\/\/gadcojimies.gob.ec\/manabi\/?s={search_term_string}"},"query-input":"required name=search_term_string"}],"inLanguage":"es"},{"@type":"ImageObject","@id":"https:\/\/gadcojimies.gob.ec\/manabi\/dirigente-del-sitio-puerto-cotera-visitan-el-gad-parroquial\/#primaryimage","inLanguage":"es","url":"http:\/\/gadcojimies.gob.ec\/manabi\/wp-content\/uploads\/2019\/07\/cotera-550x413.jpg","contentUrl":"http:\/\/gadcojimies.gob.ec\/manabi\/wp-content\/uploads\/2019\/07\/cotera-550x413.jpg"},{"@type":"WebPage","@id":"https:\/\/gadcojimies.gob.ec\/manabi\/dirigente-del-sitio-puerto-cotera-visitan-el-gad-parroquial\/#webpage","url":"https:\/\/gadcojimies.gob.ec\/manabi\/dirigente-del-sitio-puerto-cotera-visitan-el-gad-parroquial\/","name":"Dirigente del sitio Puerto Cotera visitan el GAD Parroquial -","isPartOf":{"@id":"https:\/\/gadcojimies.gob.ec\/manabi\/#website"},"primaryImageOfPage":{"@id":"https:\/\/gadcojimies.gob.ec\/manabi\/dirigente-del-sitio-puerto-cotera-visitan-el-gad-parroquial\/#primaryimage"},"datePublished":"2019-07-29T13:17:39+00:00","dateModified":"2019-07-29T13:17:39+00:00","breadcrumb":{"@id":"https:\/\/gadcojimies.gob.ec\/manabi\/dirigente-del-sitio-puerto-cotera-visitan-el-gad-parroquial\/#breadcrumb"},"inLanguage":"es","potentialAction":[{"@type":"ReadAction","target":["https:\/\/gadcojimies.gob.ec\/manabi\/dirigente-del-sitio-puerto-cotera-visitan-el-gad-parroquial\/"]}]},{"@type":"BreadcrumbList","@id":"https:\/\/gadcojimies.gob.ec\/manabi\/dirigente-del-sitio-puerto-cotera-visitan-el-gad-parroquial\/#breadcrumb","itemListElement":[{"@type":"ListItem","position":1,"name":"Home","item":"https:\/\/gadcojimies.gob.ec\/manabi\/"},{"@type":"ListItem","position":2,"name":"Dirigente del sitio Puerto Cotera visitan el GAD Parroquial"}]},{"@type":"Article","@id":"https:\/\/gadcojimies.gob.ec\/manabi\/dirigente-del-sitio-puerto-cotera-visitan-el-gad-parroquial\/#article","isPartOf":{"@id":"https:\/\/gadcojimies.gob.ec\/manabi\/dirigente-del-sitio-puerto-cotera-visitan-el-gad-parroquial\/#webpage"},"author":{"@id":"https:\/\/gadcojimies.gob.ec\/manabi\/#\/schema\/person\/f2d181c96e9b6120c1f4cff3f37a0454"},"headline":"Dirigente del sitio Puerto Cotera visitan el GAD Parroquial","datePublished":"2019-07-29T13:17:39+00:00","dateModified":"2019-07-29T13:17:39+00:00","mainEntityOfPage":{"@id":"https:\/\/gadcojimies.gob.ec\/manabi\/dirigente-del-sitio-puerto-cotera-visitan-el-gad-parroquial\/#webpage"},"wordCount":75,"publisher":{"@id":"https:\/\/gadcojimies.gob.ec\/manabi\/#organization"},"image":{"@id":"https:\/\/gadcojimies.gob.ec\/manabi\/dirigente-del-sitio-puerto-cotera-visitan-el-gad-parroquial\/#primaryimage"},"thumbnailUrl":"http:\/\/gadcojimies.gob.ec\/manabi\/wp-content\/uploads\/2019\/07\/cotera-550x413.jpg","inLanguage":"es"},{"@type":"Person","@id":"https:\/\/gadcojimies.gob.ec\/manabi\/#\/schema\/person\/f2d181c96e9b6120c1f4cff3f37a0454","name":"agadcojimies","image":{"@type":"ImageObject","@id":"https:\/\/gadcojimies.gob.ec\/manabi\/#personlogo","inLanguage":"es","url":"https:\/\/secure.gravatar.com\/avatar\/b7ceb8d4252728c0b1d1cd3b9cad0763b9c634e606648daa884e5ee6d60d6ebc?s=96&d=mm&r=g","contentUrl":"https:\/\/secure.gravatar.com\/avatar\/b7ceb8d4252728c0b1d1cd3b9cad0763b9c634e606648daa884e5ee6d60d6ebc?s=96&d=mm&r=g","caption":"agadcojimies"},"url":"https:\/\/gadcojimies.gob.ec\/manabi\/author\/agadcojimies\/"}]}},"_links":{"self":[{"href":"https:\/\/gadcojimies.gob.ec\/manabi\/wp-json\/wp\/v2\/posts\/3037","targetHints":{"allow":["GET"]}}],"collection":[{"href":"https:\/\/gadcojimies.gob.ec\/manabi\/wp-json\/wp\/v2\/posts"}],"about":[{"href":"https:\/\/gadcojimies.gob.ec\/manabi\/wp-json\/wp\/v2\/types\/post"}],"author":[{"embeddable":true,"href":"https:\/\/gadcojimies.gob.ec\/manabi\/wp-json\/wp\/v2\/users\/6"}],"replies":[{"embeddable":true,"href":"https:\/\/gadcojimies.gob.ec\/manabi\/wp-json\/wp\/v2\/comments?post=3037"}],"version-history":[{"count":1,"href":"https:\/\/gadcojimies.gob.ec\/manabi\/wp-json\/wp\/v2\/posts\/3037\/revisions"}],"predecessor-version":[{"id":3039,"href":"https:\/\/gadcojimies.gob.ec\/manabi\/wp-json\/wp\/v2\/posts\/3037\/revisions\/3039"}],"wp:attachment":[{"href":"https:\/\/gadcojimies.gob.ec\/manabi\/wp-json\/wp\/v2\/media?parent=3037"}],"wp:term":[{"taxonomy":"category","embeddable":true,"href":"https:\/\/gadcojimies.gob.ec\/manabi\/wp-json\/wp\/v2\/categories?post=3037"},{"taxonomy":"post_tag","embeddable":true,"href":"https:\/\/gadcojimies.gob.ec\/manabi\/wp-json\/wp\/v2\/tags?post=3037"}],"curies":[{"name":"wp","href":"https:\/\/api.w.org\/{rel}","templated":true}]}}