{"id":91,"date":"2011-10-13T15:25:52","date_gmt":"2011-10-13T19:25:52","guid":{"rendered":"http:\/\/gadcojimies.gob.ec\/manabi\/?p=91"},"modified":"2019-12-16T09:11:18","modified_gmt":"2019-12-16T13:11:18","slug":"festividades","status":"publish","type":"post","link":"https:\/\/gadcojimies.gob.ec\/manabi\/festividades\/","title":{"rendered":"Festividades"},"content":{"rendered":"<h3 style=\"text-align: left;\"><b>FIESTAS PATRONALES<\/b><\/h3>\n<p>En honor a San Francisco de As\u00eds, patrono de la parroquia se celebra el 04 de Octubre.<\/p>\n<h3 style=\"text-align: left;\"><b>FIESTAS PARROQUIALES<\/b><\/h3>\n<p>Cojim\u00edes celebra el 14 de Diciembre un a\u00f1o m\u00e1s de Parroquializaci\u00f3n.<\/p>\n<h3><b>FIESTAS CULTURALES<\/b><\/h3>\n<p style=\"text-align: justify;\">En el mes de agosto se realiza <b>El Festival de la Corvina.<\/b><\/p>\n<p style=\"text-align: center;\">\n<p style=\"text-align: justify;\">El s\u00e1bado de gloria se realiza <b>El Festival del Coco<\/b>.<\/p>\n<p>&nbsp;<\/p>\n<p style=\"text-align: center;\">\n<p style=\"text-align: center;\">\n<p style=\"text-align: center;\">\n<p style=\"text-align: center;\">\n<p style=\"text-align: center;\">\n<p style=\"text-align: center;\">\n","protected":false},"excerpt":{"rendered":"<p>FIESTAS PATRONALES En honor a San Francisco de As\u00eds, patrono de la parroquia se celebra el 04 de Octubre. FIESTAS PARROQUIALES Cojim\u00edes celebra el 14 de Diciembre un a\u00f1o m\u00e1s de Parroquializaci\u00f3n. FIESTAS CULTURALES En el mes de agosto se realiza El Festival de la Corvina. El s\u00e1bado de gloria se realiza El Festival del [&hellip;]<\/p>\n","protected":false},"author":6,"featured_media":0,"comment_status":"closed","ping_status":"closed","sticky":false,"template":"","format":"standard","meta":{"_gspb_post_css":"","site-sidebar-layout":"default","site-content-layout":"","ast-site-content-layout":"","site-content-style":"default","site-sidebar-style":"default","ast-global-header-display":"","ast-banner-title-visibility":"","ast-main-header-display":"","ast-hfb-above-header-display":"","ast-hfb-below-header-display":"","ast-hfb-mobile-header-display":"","site-post-title":"","ast-breadcrumbs-content":"","ast-featured-img":"","footer-sml-layout":"","theme-transparent-header-meta":"","adv-header-id-meta":"","stick-header-meta":"","header-above-stick-meta":"","header-main-stick-meta":"","header-below-stick-meta":"","astra-migrate-meta-layouts":"default","ast-page-background-enabled":"default","ast-page-background-meta":{"desktop":{"background-color":"var(--ast-global-color-4)","background-image":"","background-repeat":"repeat","background-position":"center center","background-size":"auto","background-attachment":"scroll","background-type":"","background-media":"","overlay-type":"","overlay-color":"","overlay-opacity":"","overlay-gradient":""},"tablet":{"background-color":"","background-image":"","background-repeat":"repeat","background-position":"center center","background-size":"auto","background-attachment":"scroll","background-type":"","background-media":"","overlay-type":"","overlay-color":"","overlay-opacity":"","overlay-gradient":""},"mobile":{"background-color":"","background-image":"","background-repeat":"repeat","background-position":"center center","background-size":"auto","background-attachment":"scroll","background-type":"","background-media":"","overlay-type":"","overlay-color":"","overlay-opacity":"","overlay-gradient":""}},"ast-content-background-meta":{"desktop":{"background-color":"var(--ast-global-color-5)","background-image":"","background-repeat":"repeat","background-position":"center center","background-size":"auto","background-attachment":"scroll","background-type":"","background-media":"","overlay-type":"","overlay-color":"","overlay-opacity":"","overlay-gradient":""},"tablet":{"background-color":"var(--ast-global-color-5)","background-image":"","background-repeat":"repeat","background-position":"center center","background-size":"auto","background-attachment":"scroll","background-type":"","background-media":"","overlay-type":"","overlay-color":"","overlay-opacity":"","overlay-gradient":""},"mobile":{"background-color":"var(--ast-global-color-5)","background-image":"","background-repeat":"repeat","background-position":"center center","background-size":"auto","background-attachment":"scroll","background-type":"","background-media":"","overlay-type":"","overlay-color":"","overlay-opacity":"","overlay-gradient":""}},"footnotes":""},"categories":[1],"tags":[],"class_list":["post-91","post","type-post","status-publish","format-standard","hentry","category-sin-categoria"],"yoast_head":"<!-- This site is optimized with the Yoast SEO plugin v17.8 - https:\/\/yoast.com\/wordpress\/plugins\/seo\/ -->\n<title>Festividades -<\/title>\n<meta name=\"robots\" content=\"index, follow, max-snippet:-1, max-image-preview:large, max-video-preview:-1\" \/>\n<link rel=\"canonical\" href=\"https:\/\/gadcojimies.gob.ec\/manabi\/festividades\/\" \/>\n<meta property=\"og:locale\" content=\"es_ES\" \/>\n<meta property=\"og:type\" content=\"article\" \/>\n<meta property=\"og:title\" content=\"Festividades -\" \/>\n<meta property=\"og:description\" content=\"FIESTAS PATRONALES En honor a San Francisco de As\u00eds, patrono de la parroquia se celebra el 04 de Octubre. FIESTAS PARROQUIALES Cojim\u00edes celebra el 14 de Diciembre un a\u00f1o m\u00e1s de Parroquializaci\u00f3n. FIESTAS CULTURALES En el mes de agosto se realiza El Festival de la Corvina. El s\u00e1bado de gloria se realiza El Festival del [&hellip;]\" \/>\n<meta property=\"og:url\" content=\"https:\/\/gadcojimies.gob.ec\/manabi\/festividades\/\" \/>\n<meta property=\"article:published_time\" content=\"2011-10-13T19:25:52+00:00\" \/>\n<meta property=\"article:modified_time\" content=\"2019-12-16T13:11:18+00:00\" \/>\n<meta name=\"twitter:card\" content=\"summary_large_image\" \/>\n<meta name=\"twitter:label1\" content=\"Escrito por\" \/>\n\t<meta name=\"twitter:data1\" content=\"agadcojimies\" \/>\n<script type=\"application\/ld+json\" class=\"yoast-schema-graph\">{\"@context\":\"https:\/\/schema.org\",\"@graph\":[{\"@type\":\"Organization\",\"@id\":\"https:\/\/gadcojimies.gob.ec\/manabi\/#organization\",\"name\":\"GAD Parroquial de Cojimies Manabi\",\"url\":\"https:\/\/gadcojimies.gob.ec\/manabi\/\",\"sameAs\":[],\"logo\":{\"@type\":\"ImageObject\",\"@id\":\"https:\/\/gadcojimies.gob.ec\/manabi\/#logo\",\"inLanguage\":\"es\",\"url\":\"https:\/\/gadcojimies.gob.ec\/manabi\/wp-content\/uploads\/2020\/03\/logoFooterAncho.png\",\"contentUrl\":\"https:\/\/gadcojimies.gob.ec\/manabi\/wp-content\/uploads\/2020\/03\/logoFooterAncho.png\",\"width\":220,\"height\":140,\"caption\":\"GAD Parroquial de Cojimies Manabi\"},\"image\":{\"@id\":\"https:\/\/gadcojimies.gob.ec\/manabi\/#logo\"}},{\"@type\":\"WebSite\",\"@id\":\"https:\/\/gadcojimies.gob.ec\/manabi\/#website\",\"url\":\"https:\/\/gadcojimies.gob.ec\/manabi\/\",\"name\":\"GAD parroquial de Cojim\\u00edes Manabi\",\"description\":\"Sitio Oficial de la Parroquia de Cojim\\u00edes Manabi\",\"publisher\":{\"@id\":\"https:\/\/gadcojimies.gob.ec\/manabi\/#organization\"},\"potentialAction\":[{\"@type\":\"SearchAction\",\"target\":{\"@type\":\"EntryPoint\",\"urlTemplate\":\"https:\/\/gadcojimies.gob.ec\/manabi\/?s={search_term_string}\"},\"query-input\":\"required name=search_term_string\"}],\"inLanguage\":\"es\"},{\"@type\":\"WebPage\",\"@id\":\"https:\/\/gadcojimies.gob.ec\/manabi\/festividades\/#webpage\",\"url\":\"https:\/\/gadcojimies.gob.ec\/manabi\/festividades\/\",\"name\":\"Festividades -\",\"isPartOf\":{\"@id\":\"https:\/\/gadcojimies.gob.ec\/manabi\/#website\"},\"datePublished\":\"2011-10-13T19:25:52+00:00\",\"dateModified\":\"2019-12-16T13:11:18+00:00\",\"breadcrumb\":{\"@id\":\"https:\/\/gadcojimies.gob.ec\/manabi\/festividades\/#breadcrumb\"},\"inLanguage\":\"es\",\"potentialAction\":[{\"@type\":\"ReadAction\",\"target\":[\"https:\/\/gadcojimies.gob.ec\/manabi\/festividades\/\"]}]},{\"@type\":\"BreadcrumbList\",\"@id\":\"https:\/\/gadcojimies.gob.ec\/manabi\/festividades\/#breadcrumb\",\"itemListElement\":[{\"@type\":\"ListItem\",\"position\":1,\"name\":\"Home\",\"item\":\"https:\/\/gadcojimies.gob.ec\/manabi\/\"},{\"@type\":\"ListItem\",\"position\":2,\"name\":\"Festividades\"}]},{\"@type\":\"Article\",\"@id\":\"https:\/\/gadcojimies.gob.ec\/manabi\/festividades\/#article\",\"isPartOf\":{\"@id\":\"https:\/\/gadcojimies.gob.ec\/manabi\/festividades\/#webpage\"},\"author\":{\"@id\":\"https:\/\/gadcojimies.gob.ec\/manabi\/#\/schema\/person\/f2d181c96e9b6120c1f4cff3f37a0454\"},\"headline\":\"Festividades\",\"datePublished\":\"2011-10-13T19:25:52+00:00\",\"dateModified\":\"2019-12-16T13:11:18+00:00\",\"mainEntityOfPage\":{\"@id\":\"https:\/\/gadcojimies.gob.ec\/manabi\/festividades\/#webpage\"},\"wordCount\":62,\"publisher\":{\"@id\":\"https:\/\/gadcojimies.gob.ec\/manabi\/#organization\"},\"inLanguage\":\"es\"},{\"@type\":\"Person\",\"@id\":\"https:\/\/gadcojimies.gob.ec\/manabi\/#\/schema\/person\/f2d181c96e9b6120c1f4cff3f37a0454\",\"name\":\"agadcojimies\",\"image\":{\"@type\":\"ImageObject\",\"@id\":\"https:\/\/gadcojimies.gob.ec\/manabi\/#personlogo\",\"inLanguage\":\"es\",\"url\":\"https:\/\/secure.gravatar.com\/avatar\/b7ceb8d4252728c0b1d1cd3b9cad0763b9c634e606648daa884e5ee6d60d6ebc?s=96&d=mm&r=g\",\"contentUrl\":\"https:\/\/secure.gravatar.com\/avatar\/b7ceb8d4252728c0b1d1cd3b9cad0763b9c634e606648daa884e5ee6d60d6ebc?s=96&d=mm&r=g\",\"caption\":\"agadcojimies\"},\"url\":\"https:\/\/gadcojimies.gob.ec\/manabi\/author\/agadcojimies\/\"}]}<\/script>\n<!-- \/ Yoast SEO plugin. -->","yoast_head_json":{"title":"Festividades -","robots":{"index":"index","follow":"follow","max-snippet":"max-snippet:-1","max-image-preview":"max-image-preview:large","max-video-preview":"max-video-preview:-1"},"canonical":"https:\/\/gadcojimies.gob.ec\/manabi\/festividades\/","og_locale":"es_ES","og_type":"article","og_title":"Festividades -","og_description":"FIESTAS PATRONALES En honor a San Francisco de As\u00eds, patrono de la parroquia se celebra el 04 de Octubre. FIESTAS PARROQUIALES Cojim\u00edes celebra el 14 de Diciembre un a\u00f1o m\u00e1s de Parroquializaci\u00f3n. FIESTAS CULTURALES En el mes de agosto se realiza El Festival de la Corvina. El s\u00e1bado de gloria se realiza El Festival del [&hellip;]","og_url":"https:\/\/gadcojimies.gob.ec\/manabi\/festividades\/","article_published_time":"2011-10-13T19:25:52+00:00","article_modified_time":"2019-12-16T13:11:18+00:00","twitter_card":"summary_large_image","twitter_misc":{"Escrito por":"agadcojimies"},"schema":{"@context":"https:\/\/schema.org","@graph":[{"@type":"Organization","@id":"https:\/\/gadcojimies.gob.ec\/manabi\/#organization","name":"GAD Parroquial de Cojimies Manabi","url":"https:\/\/gadcojimies.gob.ec\/manabi\/","sameAs":[],"logo":{"@type":"ImageObject","@id":"https:\/\/gadcojimies.gob.ec\/manabi\/#logo","inLanguage":"es","url":"https:\/\/gadcojimies.gob.ec\/manabi\/wp-content\/uploads\/2020\/03\/logoFooterAncho.png","contentUrl":"https:\/\/gadcojimies.gob.ec\/manabi\/wp-content\/uploads\/2020\/03\/logoFooterAncho.png","width":220,"height":140,"caption":"GAD Parroquial de Cojimies Manabi"},"image":{"@id":"https:\/\/gadcojimies.gob.ec\/manabi\/#logo"}},{"@type":"WebSite","@id":"https:\/\/gadcojimies.gob.ec\/manabi\/#website","url":"https:\/\/gadcojimies.gob.ec\/manabi\/","name":"GAD parroquial de Cojim\u00edes Manabi","description":"Sitio Oficial de la Parroquia de Cojim\u00edes Manabi","publisher":{"@id":"https:\/\/gadcojimies.gob.ec\/manabi\/#organization"},"potentialAction":[{"@type":"SearchAction","target":{"@type":"EntryPoint","urlTemplate":"https:\/\/gadcojimies.gob.ec\/manabi\/?s={search_term_string}"},"query-input":"required name=search_term_string"}],"inLanguage":"es"},{"@type":"WebPage","@id":"https:\/\/gadcojimies.gob.ec\/manabi\/festividades\/#webpage","url":"https:\/\/gadcojimies.gob.ec\/manabi\/festividades\/","name":"Festividades -","isPartOf":{"@id":"https:\/\/gadcojimies.gob.ec\/manabi\/#website"},"datePublished":"2011-10-13T19:25:52+00:00","dateModified":"2019-12-16T13:11:18+00:00","breadcrumb":{"@id":"https:\/\/gadcojimies.gob.ec\/manabi\/festividades\/#breadcrumb"},"inLanguage":"es","potentialAction":[{"@type":"ReadAction","target":["https:\/\/gadcojimies.gob.ec\/manabi\/festividades\/"]}]},{"@type":"BreadcrumbList","@id":"https:\/\/gadcojimies.gob.ec\/manabi\/festividades\/#breadcrumb","itemListElement":[{"@type":"ListItem","position":1,"name":"Home","item":"https:\/\/gadcojimies.gob.ec\/manabi\/"},{"@type":"ListItem","position":2,"name":"Festividades"}]},{"@type":"Article","@id":"https:\/\/gadcojimies.gob.ec\/manabi\/festividades\/#article","isPartOf":{"@id":"https:\/\/gadcojimies.gob.ec\/manabi\/festividades\/#webpage"},"author":{"@id":"https:\/\/gadcojimies.gob.ec\/manabi\/#\/schema\/person\/f2d181c96e9b6120c1f4cff3f37a0454"},"headline":"Festividades","datePublished":"2011-10-13T19:25:52+00:00","dateModified":"2019-12-16T13:11:18+00:00","mainEntityOfPage":{"@id":"https:\/\/gadcojimies.gob.ec\/manabi\/festividades\/#webpage"},"wordCount":62,"publisher":{"@id":"https:\/\/gadcojimies.gob.ec\/manabi\/#organization"},"inLanguage":"es"},{"@type":"Person","@id":"https:\/\/gadcojimies.gob.ec\/manabi\/#\/schema\/person\/f2d181c96e9b6120c1f4cff3f37a0454","name":"agadcojimies","image":{"@type":"ImageObject","@id":"https:\/\/gadcojimies.gob.ec\/manabi\/#personlogo","inLanguage":"es","url":"https:\/\/secure.gravatar.com\/avatar\/b7ceb8d4252728c0b1d1cd3b9cad0763b9c634e606648daa884e5ee6d60d6ebc?s=96&d=mm&r=g","contentUrl":"https:\/\/secure.gravatar.com\/avatar\/b7ceb8d4252728c0b1d1cd3b9cad0763b9c634e606648daa884e5ee6d60d6ebc?s=96&d=mm&r=g","caption":"agadcojimies"},"url":"https:\/\/gadcojimies.gob.ec\/manabi\/author\/agadcojimies\/"}]}},"_links":{"self":[{"href":"https:\/\/gadcojimies.gob.ec\/manabi\/wp-json\/wp\/v2\/posts\/91","targetHints":{"allow":["GET"]}}],"collection":[{"href":"https:\/\/gadcojimies.gob.ec\/manabi\/wp-json\/wp\/v2\/posts"}],"about":[{"href":"https:\/\/gadcojimies.gob.ec\/manabi\/wp-json\/wp\/v2\/types\/post"}],"author":[{"embeddable":true,"href":"https:\/\/gadcojimies.gob.ec\/manabi\/wp-json\/wp\/v2\/users\/6"}],"replies":[{"embeddable":true,"href":"https:\/\/gadcojimies.gob.ec\/manabi\/wp-json\/wp\/v2\/comments?post=91"}],"version-history":[{"count":2,"href":"https:\/\/gadcojimies.gob.ec\/manabi\/wp-json\/wp\/v2\/posts\/91\/revisions"}],"predecessor-version":[{"id":3658,"href":"https:\/\/gadcojimies.gob.ec\/manabi\/wp-json\/wp\/v2\/posts\/91\/revisions\/3658"}],"wp:attachment":[{"href":"https:\/\/gadcojimies.gob.ec\/manabi\/wp-json\/wp\/v2\/media?parent=91"}],"wp:term":[{"taxonomy":"category","embeddable":true,"href":"https:\/\/gadcojimies.gob.ec\/manabi\/wp-json\/wp\/v2\/categories?post=91"},{"taxonomy":"post_tag","embeddable":true,"href":"https:\/\/gadcojimies.gob.ec\/manabi\/wp-json\/wp\/v2\/tags?post=91"}],"curies":[{"name":"wp","href":"https:\/\/api.w.org\/{rel}","templated":true}]}}